{"id":229,"date":"2014-11-06T13:22:49","date_gmt":"2014-11-06T06:22:49","guid":{"rendered":"http:\/\/matkoilla.net\/minnavee\/?p=229"},"modified":"2014-11-06T13:22:49","modified_gmt":"2014-11-06T06:22:49","slug":"thung-wua-laen-chumphon","status":"publish","type":"post","link":"https:\/\/matkoilla.net\/minnavee\/2014\/11\/06\/thung-wua-laen-chumphon\/","title":{"rendered":"Thung Wua Laen, Chumphon"},"content":{"rendered":"<p>Keskiviikkona 29.10. her\u00e4simme Ellin kanssa viimeist\u00e4 kertaa Hua Hinin kodistamme ja aamupalan j\u00e4lkeen pakkasin loput tavarat laukkuun. Aamup\u00e4iv\u00e4 hengailtiin viel\u00e4 t\u00e4\u00e4ll\u00e4 ja puoliltap\u00e4ivin neidin p\u00e4iv\u00e4uniaikaan kuski tuli hakemaan meit\u00e4 ja l\u00e4hdimme kohti Chumphonin Thung Wua Laen \u2013rantaa. Asuimme Baantalay Thungwualein nimisess\u00e4 hotellissa, joka sijaitsi oikeastaan ihan keskell\u00e4 pikkuista lomarantaa. T\u00e4m\u00e4 alue oli tosiaankin vain ja ainoastaan ranta ja sen vierell\u00e4 kulkeva tie, jonka varrella on ravintoloita ja majataloja sek\u00e4 pari minimartia. Meid\u00e4nkin toisen kerroksen terassiltamme n\u00e4kyi suoraan rannalle ja n\u00e4m\u00e4 kolme p\u00e4iv\u00e4\u00e4 jotka vietimme t\u00e4\u00e4ll\u00e4, olivat hyvin leppoisia. Aamup\u00e4ivisin k\u00e4vimme uimassa ja lounaalla jonka j\u00e4lkeen Ellin oli aika ottaa p\u00e4iv\u00e4unet. Sen j\u00e4lkeen l\u00e4hdimme k\u00e4velylle johonkin suuntaan rantaa ja k\u00e4vimme sy\u00f6m\u00e4ss\u00e4 jonka j\u00e4lkeen olikin jo taas unten aika. T\u00e4m\u00e4 kaava tulee olemaan seuraavien kuukausien ajan varmasti hyvin hyvin tuttu \ud83d\ude09<\/p>\n<p>T\u00e4\u00e4ll\u00e4 oleskellessa minulle tuli mieleen, ett\u00e4 ihmiset t\u00e4\u00e4ll\u00e4 olivat viel\u00e4 Thaimaalaisittainkin erityisen yst\u00e4v\u00e4llisi\u00e4 ja leppoisia. Alueella lomailevat enimm\u00e4kseen Thaimaalaiset, mutta kyll\u00e4 me l\u00e4nkk\u00e4ritkin paikan olemme jo l\u00f6yt\u00e4neet, vaikkakin se n\u00e4kyi l\u00e4hinn\u00e4 juuri tuossa meid\u00e4n asuttamassa rannan \u201dkeskustassa\u201d. Farangeja ei tullut vastaan koko ajan ja kun tuli, jokainen varmasti muisti tervehti\u00e4 ja mik\u00e4li ei ollut mopolla ohi ajamassa, pys\u00e4htyi juttelemaan selvitt\u00e4\u00e4kseen, onko paikka saanut meist\u00e4 uusia asukkeja.<\/p>\n<p>Majapaikkamme oli viihtyis\u00e4 ja siisti. Omistajan ja ty\u00f6ntekij\u00f6iden sek\u00e4 ravintoloiden lapset leikkiv\u00e4t Ellin kanssa ja t\u00e4m\u00e4 pikku neiti pinkoi lasten per\u00e4ss\u00e4 mink\u00e4 pikku jaloistaan vaan p\u00e4\u00e4si. Ja p\u00e4\u00e4seekin muuten jo hyvinkin lujaa! Erityisen mielek\u00e4s kaveri oli viereisen Pirates terracen Min-tytt\u00f6 jota k\u00e4ytiin halailemassa joka ilta ja joskus p\u00e4iv\u00e4ll\u00e4kin. Rannalla oli my\u00f6s paljon lapsia ja min\u00e4 kyll\u00e4 h\u00e4mm\u00e4stelin, kuinka rauhallisia ne muut olivat\u2026 T\u00e4m\u00e4 meid\u00e4n t\u00e4tt\u00e4h\u00e4\u00e4r\u00e4 kun pinkoi joka suuntaan ja koko ajan sai olla kiskomassa yl\u00f6s mist\u00e4 hiekkakuopasta milloinkin ja estelt\u00e4v\u00e4 vesirajaan sy\u00f6ksymist\u00e4. Elli sai t\u00e4\u00e4ll\u00e4 varmaan t\u00e4h\u00e4n astisen el\u00e4m\u00e4ns\u00e4 suurimman raivokohtauksenkin, kun \u00e4iti oli ilke\u00e4, eik\u00e4 p\u00e4\u00e4st\u00e4nyt h\u00e4nt\u00e4 juoksemaan vaatteet p\u00e4\u00e4ll\u00e4 suinp\u00e4in mereen. Koko ranta raikasi ja n\u00e4iden rauhallisten lasten vanhemmat taisivat olla ihmeiss\u00e4\u00e4n tuollaisesta valkoisesta eritt\u00e4in \u00e4\u00e4nekk\u00e4\u00e4st\u00e4 tuittup\u00e4\u00e4st\u00e4 \ud83d\ude00 Ellin ik\u00e4\u00e4 kaikki jaksavat my\u00f6s h\u00e4mm\u00e4stell\u00e4, onhan h\u00e4n erityisen pitk\u00e4 paikallisen mittapuun mukaan. Vuotta vanhemmaksi tuota luullaan ja onkin v\u00e4h\u00e4n h\u00e4mment\u00e4v\u00e4\u00e4 v\u00e4lill\u00e4, kun pienempikokoisia lapsia tulee ihan selke\u00e4sti juttelemaan ja \u201dosaavat k\u00e4ytt\u00e4yty\u00e4\u201d jo niin kuin isommat lapset.<\/p>\n<p>Paikka oli kaunis, mutta tuskinpa siell\u00e4 olisi oikein saanut aikaa kulumaan t\u00e4m\u00e4n enemp\u00e4\u00e4. Matkahuilitauko oli pidetty ja retki jatkukoon kohti \u201dkotisaarta\u201d!<\/p>\n<figure id=\"attachment_230\" aria-describedby=\"caption-attachment-230\" style=\"width: 225px\" class=\"wp-caption alignnone\"><a href=\"http:\/\/matkoilla.net\/minnavee\/files\/2014\/11\/20141029_104216.jpg\"><img loading=\"lazy\" decoding=\"async\" class=\"size-medium wp-image-230\" src=\"http:\/\/matkoilla.net\/minnavee\/files\/2014\/11\/20141029_104216-225x300.jpg\" alt=\"Matka jatkuu\" width=\"225\" height=\"300\" srcset=\"https:\/\/matkoilla.net\/minnavee\/files\/2014\/11\/20141029_104216-225x300.jpg 225w, https:\/\/matkoilla.net\/minnavee\/files\/2014\/11\/20141029_104216-768x1024.jpg 768w, https:\/\/matkoilla.net\/minnavee\/files\/2014\/11\/20141029_104216.jpg 1536w\" sizes=\"auto, (max-width: 225px) 100vw, 225px\" \/><\/a><figcaption id=\"caption-attachment-230\" class=\"wp-caption-text\">Matka jatkuu<\/figcaption><\/figure>\n<figure id=\"attachment_231\" aria-describedby=\"caption-attachment-231\" style=\"width: 225px\" class=\"wp-caption alignnone\"><a href=\"http:\/\/matkoilla.net\/minnavee\/files\/2014\/11\/20141029_171821-SMILE.jpg\"><img loading=\"lazy\" decoding=\"async\" class=\"size-medium wp-image-231\" src=\"http:\/\/matkoilla.net\/minnavee\/files\/2014\/11\/20141029_171821-SMILE-225x300.jpg\" alt=\"Min-tytt\u00f6 naapurista\" width=\"225\" height=\"300\" srcset=\"https:\/\/matkoilla.net\/minnavee\/files\/2014\/11\/20141029_171821-SMILE-225x300.jpg 225w, https:\/\/matkoilla.net\/minnavee\/files\/2014\/11\/20141029_171821-SMILE-768x1024.jpg 768w, https:\/\/matkoilla.net\/minnavee\/files\/2014\/11\/20141029_171821-SMILE.jpg 1536w\" sizes=\"auto, (max-width: 225px) 100vw, 225px\" \/><\/a><figcaption id=\"caption-attachment-231\" class=\"wp-caption-text\">Min-tytt\u00f6 naapurista<\/figcaption><\/figure>\n<figure id=\"attachment_232\" aria-describedby=\"caption-attachment-232\" style=\"width: 300px\" class=\"wp-caption alignnone\"><a href=\"http:\/\/matkoilla.net\/minnavee\/files\/2014\/11\/20141030_104811.jpg\"><img loading=\"lazy\" decoding=\"async\" class=\"size-medium wp-image-232\" src=\"http:\/\/matkoilla.net\/minnavee\/files\/2014\/11\/20141030_104811-300x225.jpg\" alt=\"Rannalla\" width=\"300\" height=\"225\" srcset=\"https:\/\/matkoilla.net\/minnavee\/files\/2014\/11\/20141030_104811-300x225.jpg 300w, https:\/\/matkoilla.net\/minnavee\/files\/2014\/11\/20141030_104811-1024x768.jpg 1024w, https:\/\/matkoilla.net\/minnavee\/files\/2014\/11\/20141030_104811.jpg 2048w\" sizes=\"auto, (max-width: 300px) 100vw, 300px\" \/><\/a><figcaption id=\"caption-attachment-232\" class=\"wp-caption-text\">Rannalla<\/figcaption><\/figure>\n<figure id=\"attachment_233\" aria-describedby=\"caption-attachment-233\" style=\"width: 300px\" class=\"wp-caption alignnone\"><a href=\"http:\/\/matkoilla.net\/minnavee\/files\/2014\/11\/20141030_125221.jpg\"><img loading=\"lazy\" decoding=\"async\" class=\"size-medium wp-image-233\" src=\"http:\/\/matkoilla.net\/minnavee\/files\/2014\/11\/20141030_125221-300x225.jpg\" alt=\"N\u00e4kym\u00e4 terassiltamme\" width=\"300\" height=\"225\" srcset=\"https:\/\/matkoilla.net\/minnavee\/files\/2014\/11\/20141030_125221-300x225.jpg 300w, https:\/\/matkoilla.net\/minnavee\/files\/2014\/11\/20141030_125221-1024x768.jpg 1024w, https:\/\/matkoilla.net\/minnavee\/files\/2014\/11\/20141030_125221.jpg 2048w\" sizes=\"auto, (max-width: 300px) 100vw, 300px\" \/><\/a><figcaption id=\"caption-attachment-233\" class=\"wp-caption-text\">N\u00e4kym\u00e4 terassiltamme<\/figcaption><\/figure>\n<figure id=\"attachment_234\" aria-describedby=\"caption-attachment-234\" style=\"width: 225px\" class=\"wp-caption alignnone\"><a href=\"http:\/\/matkoilla.net\/minnavee\/files\/2014\/11\/20141031_153537.jpg\"><img loading=\"lazy\" decoding=\"async\" class=\"size-medium wp-image-234\" src=\"http:\/\/matkoilla.net\/minnavee\/files\/2014\/11\/20141031_153537-225x300.jpg\" alt=\"Elli terassilla\" width=\"225\" height=\"300\" srcset=\"https:\/\/matkoilla.net\/minnavee\/files\/2014\/11\/20141031_153537-225x300.jpg 225w, https:\/\/matkoilla.net\/minnavee\/files\/2014\/11\/20141031_153537-768x1024.jpg 768w, https:\/\/matkoilla.net\/minnavee\/files\/2014\/11\/20141031_153537.jpg 1536w\" sizes=\"auto, (max-width: 225px) 100vw, 225px\" \/><\/a><figcaption id=\"caption-attachment-234\" class=\"wp-caption-text\">Elli terassilla<\/figcaption><\/figure>\n<figure id=\"attachment_235\" aria-describedby=\"caption-attachment-235\" style=\"width: 225px\" class=\"wp-caption alignnone\"><a href=\"http:\/\/matkoilla.net\/minnavee\/files\/2014\/11\/20141031_162046.jpg\"><img loading=\"lazy\" decoding=\"async\" class=\"size-medium wp-image-235\" src=\"http:\/\/matkoilla.net\/minnavee\/files\/2014\/11\/20141031_162046-225x300.jpg\" alt=\"Rannan nimi tarkoittaa &quot;pelto jolla h\u00e4r\u00e4t juoksevat&quot;\" width=\"225\" height=\"300\" srcset=\"https:\/\/matkoilla.net\/minnavee\/files\/2014\/11\/20141031_162046-225x300.jpg 225w, https:\/\/matkoilla.net\/minnavee\/files\/2014\/11\/20141031_162046-768x1024.jpg 768w, https:\/\/matkoilla.net\/minnavee\/files\/2014\/11\/20141031_162046.jpg 1536w\" sizes=\"auto, (max-width: 225px) 100vw, 225px\" \/><\/a><figcaption id=\"caption-attachment-235\" class=\"wp-caption-text\">Rannan nimi tarkoittaa &#8221;pelto jolla h\u00e4r\u00e4t juoksevat&#8221;<\/figcaption><\/figure>\n<figure id=\"attachment_237\" aria-describedby=\"caption-attachment-237\" style=\"width: 225px\" class=\"wp-caption alignnone\"><a href=\"http:\/\/matkoilla.net\/minnavee\/files\/2014\/11\/20141031_171639.jpg\"><img loading=\"lazy\" decoding=\"async\" class=\"size-medium wp-image-237\" src=\"http:\/\/matkoilla.net\/minnavee\/files\/2014\/11\/20141031_171639-225x300.jpg\" alt=\"Happy Halloween!\" width=\"225\" height=\"300\" srcset=\"https:\/\/matkoilla.net\/minnavee\/files\/2014\/11\/20141031_171639-225x300.jpg 225w, https:\/\/matkoilla.net\/minnavee\/files\/2014\/11\/20141031_171639-768x1024.jpg 768w, https:\/\/matkoilla.net\/minnavee\/files\/2014\/11\/20141031_171639.jpg 1536w\" sizes=\"auto, (max-width: 225px) 100vw, 225px\" \/><\/a><figcaption id=\"caption-attachment-237\" class=\"wp-caption-text\">Happy Halloween!<\/figcaption><\/figure>\n","protected":false},"excerpt":{"rendered":"<p>Keskiviikkona 29.10. her\u00e4simme Ellin kanssa viimeist\u00e4 kertaa Hua Hinin kodistamme ja aamupalan j\u00e4lkeen pakkasin loput tavarat laukkuun. Aamup\u00e4iv\u00e4 hengailtiin viel\u00e4 t\u00e4\u00e4ll\u00e4 ja puoliltap\u00e4ivin neidin p\u00e4iv\u00e4uniaikaan kuski tuli hakemaan meit\u00e4 ja l\u00e4hdimme kohti Chumphonin Thung Wua Laen \u2013rantaa. Asuimme Baantalay Thungwualein nimisess\u00e4 hotellissa, joka sijaitsi oikeastaan ihan keskell\u00e4 pikkuista lomarantaa. T\u00e4m\u00e4 alue oli tosiaankin vain ja &hellip; <\/p>\n<p class=\"link-more\"><a href=\"https:\/\/matkoilla.net\/minnavee\/2014\/11\/06\/thung-wua-laen-chumphon\/\" class=\"more-link\">Jatka lukemista<span class=\"screen-reader-text\"> &#8221;Thung Wua Laen, Chumphon&#8221;<\/span><\/a><\/p>\n","protected":false},"author":34,"featured_media":236,"comment_status":"open","ping_status":"closed","sticky":false,"template":"","format":"standard","meta":{"_jetpack_memberships_contains_paid_content":false,"footnotes":""},"categories":[36],"tags":[37,53],"class_list":["post-229","post","type-post","status-publish","format-standard","has-post-thumbnail","hentry","category-thung-wua-lein","tag-chumphon","tag-thung-wua-lein"],"jetpack_featured_media_url":"https:\/\/matkoilla.net\/minnavee\/files\/2014\/11\/20141031_162454.jpg","jetpack_sharing_enabled":true,"_links":{"self":[{"href":"https:\/\/matkoilla.net\/minnavee\/wp-json\/wp\/v2\/posts\/229","targetHints":{"allow":["GET"]}}],"collection":[{"href":"https:\/\/matkoilla.net\/minnavee\/wp-json\/wp\/v2\/posts"}],"about":[{"href":"https:\/\/matkoilla.net\/minnavee\/wp-json\/wp\/v2\/types\/post"}],"author":[{"embeddable":true,"href":"https:\/\/matkoilla.net\/minnavee\/wp-json\/wp\/v2\/users\/34"}],"replies":[{"embeddable":true,"href":"https:\/\/matkoilla.net\/minnavee\/wp-json\/wp\/v2\/comments?post=229"}],"version-history":[{"count":1,"href":"https:\/\/matkoilla.net\/minnavee\/wp-json\/wp\/v2\/posts\/229\/revisions"}],"predecessor-version":[{"id":238,"href":"https:\/\/matkoilla.net\/minnavee\/wp-json\/wp\/v2\/posts\/229\/revisions\/238"}],"wp:featuredmedia":[{"embeddable":true,"href":"https:\/\/matkoilla.net\/minnavee\/wp-json\/wp\/v2\/media\/236"}],"wp:attachment":[{"href":"https:\/\/matkoilla.net\/minnavee\/wp-json\/wp\/v2\/media?parent=229"}],"wp:term":[{"taxonomy":"category","embeddable":true,"href":"https:\/\/matkoilla.net\/minnavee\/wp-json\/wp\/v2\/categories?post=229"},{"taxonomy":"post_tag","embeddable":true,"href":"https:\/\/matkoilla.net\/minnavee\/wp-json\/wp\/v2\/tags?post=229"}],"curies":[{"name":"wp","href":"https:\/\/api.w.org\/{rel}","templated":true}]}}